{"id":7055,"date":"2020-11-26T13:38:20","date_gmt":"2020-11-26T18:38:20","guid":{"rendered":"https:\/\/old.petermcgill.org\/offre-demploi-coordonnateurtrice-au-financement\/"},"modified":"2020-11-26T13:38:20","modified_gmt":"2020-11-26T18:38:20","slug":"offre-demploi-coordonnateurtrice-au-financement","status":"publish","type":"post","link":"https:\/\/old.petermcgill.org\/en\/offre-demploi-coordonnateurtrice-au-financement\/","title":{"rendered":"Offre d&#8217;emploi : Coordonnateur(trice) au financement"},"content":{"rendered":"<div id=\"fb-root\"><\/div>\n\t\t<div data-elementor-type=\"wp-post\" data-elementor-id=\"7055\" class=\"elementor elementor-7055 elementor-7049\">\n\t\t\t\t\t\t<section class=\"elementor-section elementor-top-section elementor-element elementor-element-6fed207 elementor-section-boxed elementor-section-height-default elementor-section-height-default\" data-id=\"6fed207\" data-element_type=\"section\">\n\t\t\t\t\t\t<div class=\"elementor-container elementor-column-gap-default\">\n\t\t\t\t\t<div class=\"elementor-column elementor-col-100 elementor-top-column elementor-element elementor-element-b38ed37\" data-id=\"b38ed37\" data-element_type=\"column\">\n\t\t\t<div class=\"elementor-widget-wrap elementor-element-populated\">\n\t\t\t\t\t\t<section class=\"elementor-section elementor-inner-section elementor-element elementor-element-2995cfe elementor-section-boxed elementor-section-height-default elementor-section-height-default\" data-id=\"2995cfe\" data-element_type=\"section\">\n\t\t\t\t\t\t<div class=\"elementor-container elementor-column-gap-default\">\n\t\t\t\t\t<div class=\"elementor-column elementor-col-50 elementor-inner-column elementor-element elementor-element-2f77216\" data-id=\"2f77216\" data-element_type=\"column\">\n\t\t\t<div class=\"elementor-widget-wrap elementor-element-populated\">\n\t\t\t\t\t\t<div class=\"elementor-element elementor-element-2ef99d3 elementor-widget elementor-widget-image\" data-id=\"2ef99d3\" data-element_type=\"widget\" data-widget_type=\"image.default\">\n\t\t\t\t<div class=\"elementor-widget-container\">\n\t\t\t\t\t\t\t\t\t\t\t\t\t<img fetchpriority=\"high\" decoding=\"async\" width=\"640\" height=\"362\" src=\"https:\/\/old.petermcgill.org\/wp-content\/uploads\/2020\/11\/nourrisource.png\" class=\"attachment-large size-large wp-image-7051\" alt=\"\" srcset=\"https:\/\/old.petermcgill.org\/wp-content\/uploads\/2020\/11\/nourrisource.png 718w, https:\/\/old.petermcgill.org\/wp-content\/uploads\/2020\/11\/nourrisource-300x170.png 300w\" sizes=\"(max-width: 640px) 100vw, 640px\" \/>\t\t\t\t\t\t\t\t\t\t\t\t\t<\/div>\n\t\t\t\t<\/div>\n\t\t\t\t\t<\/div>\n\t\t<\/div>\n\t\t\t\t<div class=\"elementor-column elementor-col-50 elementor-inner-column elementor-element elementor-element-9816553\" data-id=\"9816553\" data-element_type=\"column\">\n\t\t\t<div class=\"elementor-widget-wrap elementor-element-populated\">\n\t\t\t\t\t\t<div class=\"elementor-element elementor-element-32a2a5a elementor-widget elementor-widget-text-editor\" data-id=\"32a2a5a\" data-element_type=\"widget\" data-widget_type=\"text-editor.default\">\n\t\t\t\t<div class=\"elementor-widget-container\">\n\t\t\t\t\t\t\t<h3>Nourri-Source Montr\u00e9al est pr\u00e9sentement \u00e0 la recherche de la perle rare pour combler son poste de coordonnateur(trice) au financement.<\/h3><p>Cette personne aura comme mandat d\u2019accro\u00eetre et de p\u00e9renniser les revenus de Nourri-Source Montr\u00e9al tout en respectant les orientations philanthropiques et les valeurs de l\u2019organisation. Il s&#8217;agit d&#8217;un contrat d&#8217;un an, 20h par semaine, d\u00e9butant en janvier 2021.\u00a0<\/p>\t\t\t\t\t\t<\/div>\n\t\t\t\t<\/div>\n\t\t\t\t<div class=\"elementor-element elementor-element-a7343ef elementor-align-center elementor-widget elementor-widget-button\" data-id=\"a7343ef\" data-element_type=\"widget\" data-widget_type=\"button.default\">\n\t\t\t\t<div class=\"elementor-widget-container\">\n\t\t\t\t\t<div class=\"elementor-button-wrapper\">\n\t\t\t<a class=\"elementor-button elementor-button-link elementor-size-md\" href=\"https:\/\/nourrisourcemontreal.org\/fr\/actualites\/2020\/11\/12\/offre-d-emploi--coordonnateurtrice-au-financement\/?fbclid=IwAR0Br4ZNiWI9Q4tFSvHkixvKsZs9u-mbTqDSXFsirnTw3v84_BC8NhyHdYk\">\n\t\t\t\t\t\t<span class=\"elementor-button-content-wrapper\">\n\t\t\t\t\t\t<span class=\"elementor-button-text\">Plus d'information<\/span>\n\t\t<\/span>\n\t\t\t\t\t<\/a>\n\t\t<\/div>\n\t\t\t\t<\/div>\n\t\t\t\t<\/div>\n\t\t\t\t\t<\/div>\n\t\t<\/div>\n\t\t\t\t\t<\/div>\n\t\t<\/section>\n\t\t\t\t\t<\/div>\n\t\t<\/div>\n\t\t\t\t\t<\/div>\n\t\t<\/section>\n\t\t\t\t<\/div>\n\t\t","protected":false},"excerpt":{"rendered":"<p>Nourri-Source Montr\u00e9al est pr\u00e9sentement \u00e0 la recherche de la perle rare pour combler son poste de coordonnateur(trice) au financement. Cette personne aura comme mandat d\u2019accro\u00eetre et de p\u00e9renniser les revenus de Nourri-Source Montr\u00e9al tout en respectant les orientations philanthropiques et les valeurs de l\u2019organisation. Il s&#8217;agit d&#8217;un contrat d&#8217;un an, 20h par semaine, d\u00e9butant en [&hellip;]<\/p>\n","protected":false},"author":7,"featured_media":7052,"comment_status":"closed","ping_status":"closed","sticky":false,"template":"","format":"standard","meta":{"_acf_changed":false,"_exactmetrics_skip_tracking":false,"_exactmetrics_sitenote_active":false,"_exactmetrics_sitenote_note":"","_exactmetrics_sitenote_category":0,"footnotes":""},"categories":[22],"tags":[],"acf":[],"_links":{"self":[{"href":"https:\/\/old.petermcgill.org\/en\/wp-json\/wp\/v2\/posts\/7055"}],"collection":[{"href":"https:\/\/old.petermcgill.org\/en\/wp-json\/wp\/v2\/posts"}],"about":[{"href":"https:\/\/old.petermcgill.org\/en\/wp-json\/wp\/v2\/types\/post"}],"author":[{"embeddable":true,"href":"https:\/\/old.petermcgill.org\/en\/wp-json\/wp\/v2\/users\/7"}],"replies":[{"embeddable":true,"href":"https:\/\/old.petermcgill.org\/en\/wp-json\/wp\/v2\/comments?post=7055"}],"version-history":[{"count":0,"href":"https:\/\/old.petermcgill.org\/en\/wp-json\/wp\/v2\/posts\/7055\/revisions"}],"wp:featuredmedia":[{"embeddable":true,"href":"https:\/\/old.petermcgill.org\/en\/wp-json\/wp\/v2\/media\/7052"}],"wp:attachment":[{"href":"https:\/\/old.petermcgill.org\/en\/wp-json\/wp\/v2\/media?parent=7055"}],"wp:term":[{"taxonomy":"category","embeddable":true,"href":"https:\/\/old.petermcgill.org\/en\/wp-json\/wp\/v2\/categories?post=7055"},{"taxonomy":"post_tag","embeddable":true,"href":"https:\/\/old.petermcgill.org\/en\/wp-json\/wp\/v2\/tags?post=7055"}],"curies":[{"name":"wp","href":"https:\/\/api.w.org\/{rel}","templated":true}]}}